{"id":99,"date":"2017-03-01T16:27:01","date_gmt":"2017-03-01T16:27:01","guid":{"rendered":"http:\/\/www.webparamamas.com\/?p=99"},"modified":"2017-04-03T19:11:22","modified_gmt":"2017-04-03T19:11:22","slug":"me-llamo-esther","status":"publish","type":"post","link":"https:\/\/www.bekagas.com\/webparamamas\/me-llamo-esther\/","title":{"rendered":"Sobre m\u00ed"},"content":{"rendered":"<p>Me llamo Esther y soy <strong>mam\u00e1<\/strong> de dos ni\u00f1as de 4 y 7 a\u00f1os. Adem\u00e1s, tengo la gran suerte de ser <strong>maestra de Infantil y Primaria<\/strong>. Creo que me ha beneficiado mi trabajo a la hora de educar a mis hijas pues llevo 15 a\u00f1os ejerciendo como tal en diversos colegios y entornos por lo que la <strong>experiencia<\/strong> que me ha aportado el educar a cientos de ni\u00f1os ha facilitado mi tarea de madre.<\/p>\n<blockquote><p>Esperamos que este blog os sea de gran ayuda para poder disfrutar de vuestros hijos, que al fin y al cabo, es de lo que se trata.<\/p><\/blockquote>\n<p>La idea de este blog es de mi hermano Eduardo que ha querido aprovechar toda esa experiencia que ve que tengo para compartirla con todas vosotras. \u00a1Y me ha parecido una idea genial!<\/p>\n<p><strong>\u00bfPor qu\u00e9 aparecen enlaces de amazon?<\/strong><\/p>\n<p>Soy una enamorada de amaz\u00f3n, por la cantidad de productos que tienen, su precio y los comentarios de los usuarios de cada producto; as\u00ed como en la entrega y en las posibles devoluciones. Esta es la raz\u00f3n por la que pongo aqu\u00ed los productos y las cosas que yo he comprado, por si pueden facilitarte la tarea de buscar y decidir. <\/p>\n<p>No pretendo lucrarme con esta p\u00e1gina, pero s\u00ed me ocasiona algunos gastos, como son el dominio y el alojamiento. Cada vez que compres alg\u00fan producto en amazon y llegues a \u00e9l a trav\u00e9s de aqu\u00ed, recibir\u00e9 una comisi\u00f3n de entre <em>1 y 5 euros<\/em>. Te estar\u00e9 muy agradecida. <\/p>\n<blockquote><p>En todo caso, mi principal objetivo es que te sean de utilidad los consejos y experiencias que transmito en la p\u00e1gina como madre y como mujer.<\/p><\/blockquote>\n","protected":false},"excerpt":{"rendered":"<p>Me llamo Esther y soy mam\u00e1 de dos ni\u00f1as de 4 y 7 a\u00f1os. Adem\u00e1s, tengo la gran suerte de<\/p>\n","protected":false},"author":1,"featured_media":100,"comment_status":"open","ping_status":"open","sticky":false,"template":"","format":"standard","meta":{"colormag_page_container_layout":"no_sidebar_full_width","colormag_page_sidebar_layout":"no_sidebar","footnotes":""},"categories":[12],"tags":[],"class_list":["post-99","post","type-post","status-publish","format-standard","has-post-thumbnail","hentry","category-mamas"],"_links":{"self":[{"href":"https:\/\/www.bekagas.com\/webparamamas\/wp-json\/wp\/v2\/posts\/99","targetHints":{"allow":["GET"]}}],"collection":[{"href":"https:\/\/www.bekagas.com\/webparamamas\/wp-json\/wp\/v2\/posts"}],"about":[{"href":"https:\/\/www.bekagas.com\/webparamamas\/wp-json\/wp\/v2\/types\/post"}],"author":[{"embeddable":true,"href":"https:\/\/www.bekagas.com\/webparamamas\/wp-json\/wp\/v2\/users\/1"}],"replies":[{"embeddable":true,"href":"https:\/\/www.bekagas.com\/webparamamas\/wp-json\/wp\/v2\/comments?post=99"}],"version-history":[{"count":7,"href":"https:\/\/www.bekagas.com\/webparamamas\/wp-json\/wp\/v2\/posts\/99\/revisions"}],"predecessor-version":[{"id":223,"href":"https:\/\/www.bekagas.com\/webparamamas\/wp-json\/wp\/v2\/posts\/99\/revisions\/223"}],"wp:featuredmedia":[{"embeddable":true,"href":"https:\/\/www.bekagas.com\/webparamamas\/wp-json\/wp\/v2\/media\/100"}],"wp:attachment":[{"href":"https:\/\/www.bekagas.com\/webparamamas\/wp-json\/wp\/v2\/media?parent=99"}],"wp:term":[{"taxonomy":"category","embeddable":true,"href":"https:\/\/www.bekagas.com\/webparamamas\/wp-json\/wp\/v2\/categories?post=99"},{"taxonomy":"post_tag","embeddable":true,"href":"https:\/\/www.bekagas.com\/webparamamas\/wp-json\/wp\/v2\/tags?post=99"}],"curies":[{"name":"wp","href":"https:\/\/api.w.org\/{rel}","templated":true}]}}