{"id":708,"date":"2021-01-24T21:20:57","date_gmt":"2021-01-24T21:20:57","guid":{"rendered":"http:\/\/www.bekagas.com\/webparamamas\/?p=708"},"modified":"2021-01-24T21:20:57","modified_gmt":"2021-01-24T21:20:57","slug":"mama-tengo-miedo-al-covid","status":"publish","type":"post","link":"https:\/\/www.bekagas.com\/webparamamas\/mama-tengo-miedo-al-covid\/","title":{"rendered":"\u201cMAM\u00c1, \u00a1TENGO MIEDO AL COVID!\u201d"},"content":{"rendered":"\n<p>Esta semana mi hija la peque\u00f1a y yo hemos tenido s\u00edntomas de este dichoso virus que est\u00e1 marcando nuestras vidas. Ella se ha llevado la peor parte con diarreas, fiebre alta y dolores de cuello, cabeza y est\u00f3mago. Siempre la he visto fuerte. Con sus 8 a\u00f1os puede con todo y siempre con una sonrisa en la cara. Pero esta semana me he dado cuenta de que muchas veces es fachada. Esta semana la he visto con <strong>miedo<\/strong>. \u201c\u00bfY si tengo Covid, mam\u00e1?\u201d Estamos continuamente escuchando informaci\u00f3n acerca del \u201cbicho\u201d y no precisamente buena. Los ni\u00f1os parecen ajenos, felices y, adem\u00e1s, han entendido perfectamente lo que hay que hacer para luchar contra \u00e9l. Pero escuchan, oyen, todo lo negativo. De repente, empiezan a vivirlo en sus cuerpos. \u00bfC\u00f3mo no tener miedo? \u00a1Si yo estaba aterrada!<\/p>\n<blockquote>\n<p><strong><span style=\"color: #ffffff;\">\u00bfQu\u00e9 tenemos que hacer ante el miedo de los m\u00e1s peque\u00f1os? Lo primero es escucharlos, hablar con ellos y decirles que t\u00fa tambi\u00e9n tienes un poco de miedo, que es normal. Hay que afrontar ese miedo y no hacer que se les pase hablando de otra cosa o d\u00e1ndoles una pantalla porque ese miedo no va a desaparecer.<\/span><\/strong><\/p>\n<\/blockquote>\n<p>Vivimos en una sociedad en la que no dejamos a los ni\u00f1os sentir, aprender a gestionar todas las emociones que llegar\u00e1n a sentir en su vida. Tenemos la creencia de que deben estar felices y riendo todo el rato. No les ense\u00f1amos lo que es la tristeza, el aburrimiento, la ira, el miedo\u2026 Mi hijo est\u00e1 triste: \u201cV\u00e1monos al parque a ver a tus amigos\u201d. Mi hijo est\u00e1 aburrido: \u201cVamos a jugar o pon un poco la tele o toma la Tablet\u201d. Mi hijo est\u00e1 llorando y enfadado porque le he dicho que no: \u201cToma lo que quieres, hijo, pero no llores m\u00e1s\u201d. No nos damos cuenta de que les estamos haciendo un flaco favor porque llegar\u00e1 el momento en el que sentir\u00e1n esas emociones estando solos y no sabr\u00e1n qu\u00e9 hacer con ellas. Dej\u00e9mosles estar tristes. Dej\u00e9mosles enfadarse y llorar. Dej\u00e9mosles tener miedo y decirles que es normal. Debemos ayudarles a gestionar todo esto que les pasa por dentro y que no entienden. \u201cMam\u00e1, estoy triste\u201d: no te preocupes, mi ni\u00f1o, yo me quedar\u00e9 a tu lado y te abrazar\u00e9. \u201cMam\u00e1, no me sale esto, \u00a1lo dejo!\u201d: venga que tu puedes y lo vas a conseguir, conseguir cosas a veces cuesta. \u201cMam\u00e1, estoy enfadado porque no me das lo que quiero\u201d: bueno, est\u00e1s en tu derecho; llora lo que quieras que ya se te pasar\u00e1 o si no cuenta hasta 10 respirando ya ver\u00e1s c\u00f3mo te sientes mejor.<\/p>\n<p>De esta manera, les estamos ayudando a ser m\u00e1s emp\u00e1ticos con los que les rodean y mejores personas.<\/p>\n<blockquote>\n<p><strong><span style=\"color: #ffffff;\"> \u00bfC\u00f3mo van a ser emp\u00e1ticos con la tristeza de un compa\u00f1ero si no saben lo que es?<\/span><\/strong><\/p>\n<\/blockquote>\n<p>La felicidad se consigue sintiendo, emocion\u00e1ndote, compartiendo tus alegr\u00edas y tristezas. \u00bfPor qu\u00e9 esta sociedad est\u00e1 privando a los peques de todo esto? Creo que deber\u00edamos reflexionar sobre a d\u00f3nde vamos a llegar por este camino. Creo que no a buen puerto, desde luego.<\/p>\n","protected":false},"excerpt":{"rendered":"<p>Esta semana mi hija la peque\u00f1a y yo hemos tenido s\u00edntomas de este dichoso virus que est\u00e1 marcando nuestras vidas.<\/p>\n","protected":false},"author":2,"featured_media":710,"comment_status":"open","ping_status":"open","sticky":false,"template":"","format":"standard","meta":{"colormag_page_container_layout":"default_layout","colormag_page_sidebar_layout":"default_layout","footnotes":""},"categories":[3,14,12,13],"tags":[],"class_list":["post-708","post","type-post","status-publish","format-standard","has-post-thumbnail","hentry","category-0-6-anos","category-6-12-anos","category-mamas","category-ninos"],"_links":{"self":[{"href":"https:\/\/www.bekagas.com\/webparamamas\/wp-json\/wp\/v2\/posts\/708","targetHints":{"allow":["GET"]}}],"collection":[{"href":"https:\/\/www.bekagas.com\/webparamamas\/wp-json\/wp\/v2\/posts"}],"about":[{"href":"https:\/\/www.bekagas.com\/webparamamas\/wp-json\/wp\/v2\/types\/post"}],"author":[{"embeddable":true,"href":"https:\/\/www.bekagas.com\/webparamamas\/wp-json\/wp\/v2\/users\/2"}],"replies":[{"embeddable":true,"href":"https:\/\/www.bekagas.com\/webparamamas\/wp-json\/wp\/v2\/comments?post=708"}],"version-history":[{"count":4,"href":"https:\/\/www.bekagas.com\/webparamamas\/wp-json\/wp\/v2\/posts\/708\/revisions"}],"predecessor-version":[{"id":713,"href":"https:\/\/www.bekagas.com\/webparamamas\/wp-json\/wp\/v2\/posts\/708\/revisions\/713"}],"wp:featuredmedia":[{"embeddable":true,"href":"https:\/\/www.bekagas.com\/webparamamas\/wp-json\/wp\/v2\/media\/710"}],"wp:attachment":[{"href":"https:\/\/www.bekagas.com\/webparamamas\/wp-json\/wp\/v2\/media?parent=708"}],"wp:term":[{"taxonomy":"category","embeddable":true,"href":"https:\/\/www.bekagas.com\/webparamamas\/wp-json\/wp\/v2\/categories?post=708"},{"taxonomy":"post_tag","embeddable":true,"href":"https:\/\/www.bekagas.com\/webparamamas\/wp-json\/wp\/v2\/tags?post=708"}],"curies":[{"name":"wp","href":"https:\/\/api.w.org\/{rel}","templated":true}]}}