{"id":656,"date":"2017-07-29T19:36:14","date_gmt":"2017-07-29T19:36:14","guid":{"rendered":"http:\/\/www.webparamamas.com\/?p=656"},"modified":"2017-07-29T19:36:14","modified_gmt":"2017-07-29T19:36:14","slug":"nos-vamos-de-camping","status":"publish","type":"post","link":"https:\/\/www.bekagas.com\/webparamamas\/nos-vamos-de-camping\/","title":{"rendered":"\u00bfNos vamos de camping?"},"content":{"rendered":"<p>Acabo de venir de vacaciones. Hemos pasado casi un mes de camping y quer\u00eda compartir mi experiencia con vosotr@s. Somos campistas desde hace mucho tiempo, antes de que naciesen mis hijas. Siempre nos ha gustado este mundillo pero, desde que tenemos a las ni\u00f1as, me gusta incluso m\u00e1s. Hemos descubierto un gran mundo de campings dedicados especialmente para ni\u00f1os que, colateralmente, se convierten en unas grandes vacaciones para padres. Las razones por las que pienso esto son las siguientes:<\/p>\n<ul>\n<li>En\u00a0el momento en el que cruzas las puertas de un camping es como que entrases en otro mundo lleno de respeto, solidaridad, compa\u00f1erismo y confianza. Si necesitas algo, tienes tres vecinos que te lo dejan; si necesitas ayuda, otros tres; dejas las puertas de tu casa abiertas sin miedo a que nadie entre ni te quite nada; los candados de las bicicletas ni me los llevo porque las puedes dejar donde quieras que all\u00ed seguir\u00e1n cuando vuelvas&#8230; Te sientes tranquila y apoyada,dos sentimientos dif\u00edciles de encontrar en el mundo exterior.<\/li>\n<li>En algunos campings te encuentras millones de entretenimiento para los ni\u00f1os. Ellos se lo pasan genial, hacen amigos y \u00abdesaparecen\u00bb literalmente de tu lado. Se van y vuelven cuando quieren (realmente la condici\u00f3n es que de vez en cuando vengan a decirnos \u00abhola\u00bb) y t\u00fa, mientras tanto, empiezas a ser mujer antes que mam\u00e1, descansas, lees, hablas con tu pareja&#8230; Y vuelve a aparecer ese\u00a0sentimiento de tranquilidad que tanto a\u00f1oro en invierno.<\/li>\n<\/ul>\n<p>En cuanto a las ni\u00f1as, creo que es una manera de inculcarles unos principios que son m\u00e1s dif\u00edcilmente de conseguir en el exterior:<\/p>\n<ul>\n<li>Aventura: en cuanto llegan al camping cogen su bicicleta y, mientras nosotros montamos, ellas se van a explorar, a hacer una rueda de reconocimiento y emprenden una aventura ellas solas, tomando sus decisiones sin tener a pap\u00e1 y a mam\u00e1 al lado todo el rato para resolver sus problemas.<\/li>\n<li>Responsabilidad: se van a fregar los platos, a comprar al supermercado&#8230; tambi\u00e9n ellas solas.<\/li>\n<li>Cooperaci\u00f3n: Todos estamos de vacaciones y todos tenemos que aportar. Mam\u00e1 tambi\u00e9n quiere descansar y disfrutar.<\/li>\n<li>Soluci\u00f3n de problemas: si van a fregar o al supermercado o a la ducha y se encuentran con un problema&#8230; \u00bfc\u00f3mo lo resuelven? Son ellas las que deben pensar sin ning\u00fan adulto a su lado. Cuando eran m\u00e1s peque\u00f1as iban con un walkie-talkie y estaban en permanente contacto con nosotros. Ahora ya, con 4 y 7 a\u00f1os, no lo \u00a0quieren llevar porque se sienten mayores y responsables para resolver los problemas ellas mismas.<\/li>\n<li>Compa\u00f1erismo: otra condici\u00f3n de poder marcharse ellas solas es cuidar la una de la otra, sobre todo por Carolina (4 a\u00f1os). Pero a ella tambi\u00e9n le damos la responsabilidad de cuidar de su hermana y\u00a0siente que confiamos en ella, haci\u00e9ndola sentir importante. Este verano, Silvia tuvo una ca\u00edda grande y ella sali\u00f3 corriendo a buscarnos y dec\u00edrnoslo, sin dudarlo. Su hermana ten\u00eda problemas y ella deb\u00eda ayudarla. Quiero pensar que esto las une m\u00e1s, si cabe.<\/li>\n<\/ul>\n<p>En definitiva, un sinf\u00edn de razones por las que\u00a0hemos dejado atr\u00e1s el carro-tienda y nos decidimos por la caravana, por las que seguiremos veraneando de esta forma huyendo de los agobios de los hoteles, por las que seguiremos intentando inculcar a nuestras hijas todos estos principios que tanto valoramos&#8230;<\/p>\n<blockquote><p>&#8230;UN SINF\u00cdN DE RAZONES POR LAS QUE OS RECOMIENDO QUE VAY\u00c1IS DE CAMPING!!!!<\/p><\/blockquote>\n","protected":false},"excerpt":{"rendered":"<p>Acabo de venir de vacaciones. Hemos pasado casi un mes de camping y quer\u00eda compartir mi experiencia con vosotr@s. Somos<\/p>\n","protected":false},"author":2,"featured_media":657,"comment_status":"open","ping_status":"open","sticky":false,"template":"","format":"standard","meta":{"colormag_page_container_layout":"default_layout","colormag_page_sidebar_layout":"default_layout","footnotes":""},"categories":[3,14,19,12,21,13],"tags":[],"class_list":["post-656","post","type-post","status-publish","format-standard","has-post-thumbnail","hentry","category-0-6-anos","category-6-12-anos","category-facilita-tu-vida","category-mamas","category-mujeres-antes-que-mamas","category-ninos"],"_links":{"self":[{"href":"https:\/\/www.bekagas.com\/webparamamas\/wp-json\/wp\/v2\/posts\/656","targetHints":{"allow":["GET"]}}],"collection":[{"href":"https:\/\/www.bekagas.com\/webparamamas\/wp-json\/wp\/v2\/posts"}],"about":[{"href":"https:\/\/www.bekagas.com\/webparamamas\/wp-json\/wp\/v2\/types\/post"}],"author":[{"embeddable":true,"href":"https:\/\/www.bekagas.com\/webparamamas\/wp-json\/wp\/v2\/users\/2"}],"replies":[{"embeddable":true,"href":"https:\/\/www.bekagas.com\/webparamamas\/wp-json\/wp\/v2\/comments?post=656"}],"version-history":[{"count":4,"href":"https:\/\/www.bekagas.com\/webparamamas\/wp-json\/wp\/v2\/posts\/656\/revisions"}],"predecessor-version":[{"id":661,"href":"https:\/\/www.bekagas.com\/webparamamas\/wp-json\/wp\/v2\/posts\/656\/revisions\/661"}],"wp:featuredmedia":[{"embeddable":true,"href":"https:\/\/www.bekagas.com\/webparamamas\/wp-json\/wp\/v2\/media\/657"}],"wp:attachment":[{"href":"https:\/\/www.bekagas.com\/webparamamas\/wp-json\/wp\/v2\/media?parent=656"}],"wp:term":[{"taxonomy":"category","embeddable":true,"href":"https:\/\/www.bekagas.com\/webparamamas\/wp-json\/wp\/v2\/categories?post=656"},{"taxonomy":"post_tag","embeddable":true,"href":"https:\/\/www.bekagas.com\/webparamamas\/wp-json\/wp\/v2\/tags?post=656"}],"curies":[{"name":"wp","href":"https:\/\/api.w.org\/{rel}","templated":true}]}}