{"id":553,"date":"2017-04-25T08:33:49","date_gmt":"2017-04-25T08:33:49","guid":{"rendered":"http:\/\/www.webparamamas.com\/?p=553"},"modified":"2017-04-25T10:00:49","modified_gmt":"2017-04-25T10:00:49","slug":"el-calendario-magico","status":"publish","type":"post","link":"https:\/\/www.bekagas.com\/webparamamas\/el-calendario-magico\/","title":{"rendered":"El calendario m\u00e1gico"},"content":{"rendered":"<p>A veces, los conceptos \u201cunidad\u201d, \u201cdecena\u201d y \u201ccentena\u201d se convierten en un dolor de cabeza para ni\u00f1os y padres. \u00bfC\u00f3mo podemos ayudarle? Pues, aunque parezca muy pronto, desde la etapa de infantil podemos empezar a ense\u00f1ar estos conceptos para que, en el futuro, lo entiendan mejor.<\/p>\n<p>La idea es utilizar palillos. Cada palillo es una unidad. Juntamos 10 palillos y los cogemos con una gomita roja. As\u00ed ven claramente el concepto de decena. M\u00e1s adelante, meteremos las centena (10 decenas en una gomita verde) pero en un principio nos quedaremos en unidad y decena.<\/p>\n<p>\u00bfCu\u00e1ntos palitos sueltos hay? Escribimos el n\u00famero en azul. \u00bfCu\u00e1ntos grupo de palitos rojos hay? Y tambi\u00e9n escribimos la cantidad en rojo.<\/p>\n<p>Por lo tanto, al final nos queda otro n\u00famero con tantas decenas y unidades.<\/p>\n<p><img loading=\"lazy\" decoding=\"async\" class=\"alignnone size-medium wp-image-555 \" src=\"http:\/\/www.webparamamas.com\/wp-content\/uploads\/2017\/04\/dos-203x300.jpg\" alt=\"ABN\" width=\"203\" height=\"300\" srcset=\"https:\/\/www.bekagas.com\/webparamamas\/wp-content\/uploads\/2017\/04\/dos-203x300.jpg 203w, https:\/\/www.bekagas.com\/webparamamas\/wp-content\/uploads\/2017\/04\/dos.jpg 383w\" sizes=\"auto, (max-width: 203px) 100vw, 203px\" \/> <img loading=\"lazy\" decoding=\"async\" class=\"alignnone size-medium wp-image-556 \" src=\"http:\/\/www.webparamamas.com\/wp-content\/uploads\/2017\/04\/doce-203x300.jpg\" alt=\"\" width=\"203\" height=\"300\" srcset=\"https:\/\/www.bekagas.com\/webparamamas\/wp-content\/uploads\/2017\/04\/doce-203x300.jpg 203w, https:\/\/www.bekagas.com\/webparamamas\/wp-content\/uploads\/2017\/04\/doce.jpg 383w\" sizes=\"auto, (max-width: 203px) 100vw, 203px\" \/><\/p>\n<p>Podemos poner palillos y que escriban el n\u00famero o escribir un n\u00famero y que cojan ellos los palillos, siempre utilizando los dos colores (AZUL Y ROJO).<br \/>\n&nbsp;<br \/>\n<strong>CALENDARIO M\u00c1GICO<\/strong><\/p>\n<p>Para los ni\u00f1os m\u00e1s peque\u00f1os (podemos empezar incluso a los tres a\u00f1os) usaremos un calendario con cuadros grandes. Cada d\u00eda, en los cuadrados pondremos los palillos que correspondan. Por ejemplo, si estamos a 15 de abril, el ni\u00f1o pegar\u00e1 en el cuadrado correspondiente al d\u00eda de hoy 1 grupo de palillos rojos y 5 palillos sueltos.<\/p>\n<p><img loading=\"lazy\" decoding=\"async\" class=\"size-full wp-image-554 aligncenter\" src=\"http:\/\/www.webparamamas.com\/wp-content\/uploads\/2017\/04\/calendario-explicacion.jpg\" alt=\"El calendario\" width=\"236\" height=\"275\" \/><\/p>\n<blockquote>\n<p style=\"text-align: left;\">De esta manera, desde muy peque\u00f1os los ni\u00f1os\u00a0se van familiarizando con estos conceptos mientras juegan y se divierten.<\/p>\n<\/blockquote>\n<p style=\"text-align: left;\">[amazon_link asins=&#8217;B019HB61F0,B008LTWSXY&#8217; template=&#8217;ProductAd&#8217; store=&#8217;webparamama-21&#8242; marketplace=&#8217;ES&#8217; link_id=&#8217;4af20b95-2992-11e7-84ca-e927cff8f121&#8242;]<\/p>\n","protected":false},"excerpt":{"rendered":"<p>A veces, los conceptos \u201cunidad\u201d, \u201cdecena\u201d y \u201ccentena\u201d se convierten en un dolor de cabeza para ni\u00f1os y padres. \u00bfC\u00f3mo<\/p>\n","protected":false},"author":2,"featured_media":561,"comment_status":"open","ping_status":"open","sticky":false,"template":"","format":"standard","meta":{"colormag_page_container_layout":"default_layout","colormag_page_sidebar_layout":"default_layout","footnotes":""},"categories":[3,17,13],"tags":[],"class_list":["post-553","post","type-post","status-publish","format-standard","has-post-thumbnail","hentry","category-0-6-anos","category-el-cole-en-casa","category-ninos"],"_links":{"self":[{"href":"https:\/\/www.bekagas.com\/webparamamas\/wp-json\/wp\/v2\/posts\/553","targetHints":{"allow":["GET"]}}],"collection":[{"href":"https:\/\/www.bekagas.com\/webparamamas\/wp-json\/wp\/v2\/posts"}],"about":[{"href":"https:\/\/www.bekagas.com\/webparamamas\/wp-json\/wp\/v2\/types\/post"}],"author":[{"embeddable":true,"href":"https:\/\/www.bekagas.com\/webparamamas\/wp-json\/wp\/v2\/users\/2"}],"replies":[{"embeddable":true,"href":"https:\/\/www.bekagas.com\/webparamamas\/wp-json\/wp\/v2\/comments?post=553"}],"version-history":[{"count":10,"href":"https:\/\/www.bekagas.com\/webparamamas\/wp-json\/wp\/v2\/posts\/553\/revisions"}],"predecessor-version":[{"id":568,"href":"https:\/\/www.bekagas.com\/webparamamas\/wp-json\/wp\/v2\/posts\/553\/revisions\/568"}],"wp:featuredmedia":[{"embeddable":true,"href":"https:\/\/www.bekagas.com\/webparamamas\/wp-json\/wp\/v2\/media\/561"}],"wp:attachment":[{"href":"https:\/\/www.bekagas.com\/webparamamas\/wp-json\/wp\/v2\/media?parent=553"}],"wp:term":[{"taxonomy":"category","embeddable":true,"href":"https:\/\/www.bekagas.com\/webparamamas\/wp-json\/wp\/v2\/categories?post=553"},{"taxonomy":"post_tag","embeddable":true,"href":"https:\/\/www.bekagas.com\/webparamamas\/wp-json\/wp\/v2\/tags?post=553"}],"curies":[{"name":"wp","href":"https:\/\/api.w.org\/{rel}","templated":true}]}}