{"id":246,"date":"2017-04-04T13:43:14","date_gmt":"2017-04-04T13:43:14","guid":{"rendered":"http:\/\/www.webparamamas.com\/?p=246"},"modified":"2017-04-06T07:18:07","modified_gmt":"2017-04-06T07:18:07","slug":"aprender-a-montar-en-bici","status":"publish","type":"post","link":"https:\/\/www.bekagas.com\/webparamamas\/aprender-a-montar-en-bici\/","title":{"rendered":"Aprender a montar en bici"},"content":{"rendered":"<p>Como siempre digo, nunca debemos presionar a los ni\u00f1os para hacer lo que a nosotros nos apetece. A Silvia, mi hija mayor, nunca le gust\u00f3 la bicicleta. Mi ilusi\u00f3n es que aprendiese, como siempre, al igual que sus amigas. No hab\u00eda manera. No se sent\u00eda segura ni disfrutaba con la bicicleta. Con el tiempo, me di cuenta de que la bicicleta que ten\u00eda no era la adecuada. Ten\u00eda los pedales y los frenos duros as\u00ed que la ni\u00f1a no se sent\u00eda segura. <\/p>\n<p>As\u00ed que con Carolina, la peque\u00f1a, cambi\u00e9 de estrategia. Le compr\u00e9 una bicicleta si pedales cuando ten\u00eda tres a\u00f1os y, desde luego, fue un \u00e9xito. Le encant\u00f3 y estaba todo el d\u00eda montada. En seguida cogi\u00f3 el equilibrio y montaba como si llevase toda la vida. A los dos meses de usarla, probamos con la bici de pedales de una vecina y, cu\u00e1l fue mi sorpresa, casi no la tuve que sujetar. Ah\u00ed estaba casi andando. S\u00f3lo tuve que ense\u00f1arle a dar pedales y en dos d\u00edas \u00a1ya estaba mont\u00e1ndola! <\/p>\n<blockquote><p>Los ni\u00f1os s\u00f3lo aprender\u00e1n a montar en bici cuando se sientan seguros, preparados y disfruten en ella.<\/p><\/blockquote>\n<p>Ah\u00ed me qued\u00e9 yo, con la bici sin pedales nueva, con tan s\u00f3lo dos meses de uso. Pero estoy convencida que fue este peque\u00f1o paso, el de sentirse segura en la bici sin pedales, lo que la anim\u00f3 y facilit\u00f3 el montar en una con pedales. Parad\u00f3jicamente, la mayor, al ver a su hermana, se anim\u00f3 y aprendi\u00f3 a la vez que ella, con m\u00e1s miedo y m\u00e1s esfuerzo, pero lo consigui\u00f3. La una con 3 a\u00f1os y la otra con 6. Por mi experiencia, animo a los pap\u00e1s a que inicien a los ni\u00f1os con estas bicicletas sin pedales.<\/p>\n<blockquote><p>Me gusta dar una segunda vida a las cosas que ya no voy a usar, es por eso que te recomiendo vender la bicicleta en alguna p\u00e1gina de segunda mano o wallapop cuando ya no la vayas a necesitar.<\/p><\/blockquote>\n<p>Por ponerles un \u201cpero\u201d, no tienen freno as\u00ed que deb\u00e9is ir con cuidado en las cuestas. En uno de nuestros paseos, Carolina se anim\u00f3, se envalenton\u00f3 y en una cuesta abajo cogi\u00f3 velocidad y ya no hab\u00eda manera de frenar. Par\u00f3 chocando contra un muro\u2026 pens\u00e9 que se hab\u00eda roto la cara as\u00ed que tambi\u00e9n recomiendo el uso del casco para posibles accidentes y evitar males mayores. Si quieres que hagan <a href=\"..\/a-escalar\">m\u00e1s deporte desde peque\u00f1os, aqu\u00ed te doy otra idea<\/a>.<\/p>\n<p>[amazon_link asins=&#8217;B004MW55Z2,B009HP409G,B011HR6VWU&#8217; template=&#8217;ProductAd&#8217; store=&#8217;webparamama-21&#8242; marketplace=&#8217;ES&#8217; link_id=&#8217;1f6b1487-193d-11e7-bb23-dbe2b4be4280&#8242;]<\/p>\n","protected":false},"excerpt":{"rendered":"<p>Como siempre digo, nunca debemos presionar a los ni\u00f1os para hacer lo que a nosotros nos apetece. A Silvia, mi<\/p>\n","protected":false},"author":2,"featured_media":90,"comment_status":"open","ping_status":"open","sticky":false,"template":"","format":"standard","meta":{"colormag_page_container_layout":"default_layout","colormag_page_sidebar_layout":"default_layout","footnotes":""},"categories":[23,3,5,13,6],"tags":[],"class_list":["post-246","post","type-post","status-publish","format-standard","has-post-thumbnail","hentry","category-haz-ejercicio","category-0-6-anos","category-juegos","category-ninos","category-regalos-utiles"],"_links":{"self":[{"href":"https:\/\/www.bekagas.com\/webparamamas\/wp-json\/wp\/v2\/posts\/246","targetHints":{"allow":["GET"]}}],"collection":[{"href":"https:\/\/www.bekagas.com\/webparamamas\/wp-json\/wp\/v2\/posts"}],"about":[{"href":"https:\/\/www.bekagas.com\/webparamamas\/wp-json\/wp\/v2\/types\/post"}],"author":[{"embeddable":true,"href":"https:\/\/www.bekagas.com\/webparamamas\/wp-json\/wp\/v2\/users\/2"}],"replies":[{"embeddable":true,"href":"https:\/\/www.bekagas.com\/webparamamas\/wp-json\/wp\/v2\/comments?post=246"}],"version-history":[{"count":11,"href":"https:\/\/www.bekagas.com\/webparamamas\/wp-json\/wp\/v2\/posts\/246\/revisions"}],"predecessor-version":[{"id":443,"href":"https:\/\/www.bekagas.com\/webparamamas\/wp-json\/wp\/v2\/posts\/246\/revisions\/443"}],"wp:featuredmedia":[{"embeddable":true,"href":"https:\/\/www.bekagas.com\/webparamamas\/wp-json\/wp\/v2\/media\/90"}],"wp:attachment":[{"href":"https:\/\/www.bekagas.com\/webparamamas\/wp-json\/wp\/v2\/media?parent=246"}],"wp:term":[{"taxonomy":"category","embeddable":true,"href":"https:\/\/www.bekagas.com\/webparamamas\/wp-json\/wp\/v2\/categories?post=246"},{"taxonomy":"post_tag","embeddable":true,"href":"https:\/\/www.bekagas.com\/webparamamas\/wp-json\/wp\/v2\/tags?post=246"}],"curies":[{"name":"wp","href":"https:\/\/api.w.org\/{rel}","templated":true}]}}